{"id":81835,"date":"2026-02-23T08:55:12","date_gmt":"2026-02-23T07:55:12","guid":{"rendered":"https:\/\/anfina.ch\/?p=81835"},"modified":"2026-02-23T08:55:13","modified_gmt":"2026-02-23T07:55:13","slug":"citta-intelligenti-e-case-del-futuro","status":"publish","type":"post","link":"https:\/\/anfina.ch\/it\/citta-intelligenti-e-case-del-futuro\/","title":{"rendered":"Febbraio smart: citt\u00e0 intelligenti e case del futuro"},"content":{"rendered":"\n<h2 class=\"wp-block-heading\"><strong>Vivere bene in citt\u00e0 intelligenti<\/strong><\/h2>\n\n\n\n<div style=\"height:45px\" aria-hidden=\"true\" class=\"wp-block-spacer\"><\/div>\n\n\n<div class=\"wp-block-image\">\n<figure class=\"aligncenter size-large\"><a href=\"https:\/\/anfina.ch\/wp-content\/uploads\/2026\/01\/Foto-Post-22.12.jpeg\"><img loading=\"lazy\" decoding=\"async\" width=\"1024\" height=\"458\" src=\"https:\/\/anfina.ch\/wp-content\/uploads\/2026\/01\/Foto-Post-22.12-1024x458.jpeg\" alt=\"citta smart intelligenti\" class=\"wp-image-81836\" srcset=\"https:\/\/anfina.ch\/wp-content\/uploads\/2026\/01\/Foto-Post-22.12-1024x458.jpeg 1024w, https:\/\/anfina.ch\/wp-content\/uploads\/2026\/01\/Foto-Post-22.12-300x134.jpeg 300w, https:\/\/anfina.ch\/wp-content\/uploads\/2026\/01\/Foto-Post-22.12-768x344.jpeg 768w, https:\/\/anfina.ch\/wp-content\/uploads\/2026\/01\/Foto-Post-22.12-150x67.jpeg 150w, https:\/\/anfina.ch\/wp-content\/uploads\/2026\/01\/Foto-Post-22.12-1536x688.jpeg 1536w, https:\/\/anfina.ch\/wp-content\/uploads\/2026\/01\/Foto-Post-22.12-2048x917.jpeg 2048w\" sizes=\"auto, (max-width: 1024px) 100vw, 1024px\" \/><\/a><\/figure>\n<\/div>\n\n\n<div style=\"height:45px\" aria-hidden=\"true\" class=\"wp-block-spacer\"><\/div>\n\n\n\n<p>Cari lettori,<\/p>\n\n\n\n<p>il 2026 porta con s\u00e9 <strong>nuove opportunit\u00e0 per chi vuole vivere o investire in citt\u00e0 smart<\/strong>. Trasporti sostenibili, edifici efficienti, infrastrutture digitali e materiali innovativi stanno cambiando profondamente il modo di abitare e investire.<\/p>\n\n\n\n<p>Le citt\u00e0 intelligenti non sono solo un concetto futuristico: sono realt\u00e0 concrete che offrono <strong>pi\u00f9 comfort, risparmio e valore a lungo termine<\/strong>. Ecco cosa le rende cos\u00ec interessanti:<\/p>\n\n\n\n<h3 class=\"wp-block-heading\"><strong>Trasporti efficienti<\/strong><\/h3>\n\n\n\n<p>Citt\u00e0 come Zurigo, Copenaghen e Monaco stanno potenziando i loro sistemi di trasporto integrato. Mezzi pubblici veloci, piste ciclabili sicure e servizi di mobilit\u00e0 condivisa rendono gli spostamenti quotidiani pi\u00f9 facili e sostenibili, migliorando anche la qualit\u00e0 della vita dei residenti.<\/p>\n\n\n\n<h3 class=\"wp-block-heading\"><strong>Immobili Smart<\/strong><\/h3>\n\n\n\n<p>Gli edifici con certificazioni energetiche, sistemi di automazione domestica e materiali innovativi non sono solo ecologici: offrono <strong>pi\u00f9 comfort, sicurezza e valore di mercato<\/strong>. Case efficienti energeticamente, illuminate in modo naturale e dotate di tecnologie intelligenti stanno diventando sempre pi\u00f9 richieste.<\/p>\n\n\n\n<h3 class=\"wp-block-heading\"><strong>Spazi verdi e benessere urbano<\/strong><\/h3>\n\n\n\n<p>Parchi, giardini pensili e aree comuni non sono pi\u00f9 un lusso, ma una parte fondamentale delle smart cities. Gli immobili situati vicino a spazi verdi non solo garantiscono salute e relax, ma risultano anche pi\u00f9 appetibili sul mercato immobiliare.<\/p>\n\n\n\n<h3 class=\"wp-block-heading\"><strong>Valore degli immobili<\/strong><\/h3>\n\n\n\n<p>studi recenti mostrano che le abitazioni in contesti smart possono raggiungere un premium fino al <strong>5% rispetto agli immobili tradizionali<\/strong>. Investire oggi significa quindi guardare oltre il prezzo, puntando su <strong>innovazione, sostenibilit\u00e0 e qualit\u00e0 della vita<\/strong>.<\/p>\n\n\n\n<h3 class=\"wp-block-heading\">In conclusione<\/h3>\n\n\n\n<p>Se stai pensando di acquistare casa, ristrutturare o investire in immobili in Svizzera, conoscere le zone smart e le nuove tecnologie pu\u00f2 fare la differenza. Alcune citt\u00e0 e quartieri stanno diventando veri hub di innovazione urbana, con opportunit\u00e0 uniche per chi vuole unire comfort, valore e sostenibilit\u00e0.<\/p>\n\n\n\n<p class=\"has-text-align-right\"><a href=\"http:\/\/www.anfina.ch\">La Vostra anfina<\/a><\/p>\n<div class=\"casawp-legal__page casawp-legal__page--imprint\"><p>\n\t<strong>anfina immo ag<\/strong>\n\n\t\t<br>Flobotstrasse 3\n\n\n\t\t<br>8044 Z\u00fcrich\n\n\t\t<br>Schweiz\n<\/p>\n<p>\n\t\tTel. +41 43 541 23 60\n\t\t<br><a href=\"mailto:info@anfina.ch\">info@anfina.ch<\/a>\n\t\t<br><a href=\"http:\/\/www.anfina.ch\">http:\/\/www.anfina.ch<\/a>\n<\/p>\n\n\t<p><br>IDI: CHE-196.432.915 MWST<\/p>\n<br>\n<p><strong>Realizzazione<\/strong><\/p>\n<p><strong>Casasoft AG<\/strong><br>\nThurgauerstrasse 36<br>\n8050 Z\u00fcrich<br>\n<a href=\"https:\/\/casasoft.ch\" target=\"_blank\">www.casasoft.ch<\/a><\/p>\n<\/div>","protected":false},"excerpt":{"rendered":"<p>Vivere bene in citt\u00e0 intelligenti Cari lettori, il 2026 porta con s\u00e9 nuove opportunit\u00e0 per chi vuole vivere o investire [&hellip;]<\/p>\n","protected":false},"author":2,"featured_media":81836,"comment_status":"closed","ping_status":"closed","sticky":false,"template":"","format":"standard","meta":{"_acf_changed":false,"footnotes":""},"categories":[1],"tags":[],"class_list":["post-81835","post","type-post","status-publish","format-standard","has-post-thumbnail","hentry","category-allgemein"],"acf":[],"yoast_head":"<!-- This site is optimized with the Yoast SEO plugin v24.9 - https:\/\/yoast.com\/wordpress\/plugins\/seo\/ -->\n<title>Febbraio smart: citt\u00e0 intelligenti e case del futuro - anfina immo ag<\/title>\n<meta name=\"description\" content=\"Le citt\u00e0 intelligenti e gli immobili smart del 2026: comfort, sostenibilit\u00e0, e materiali innovativi per investimenti e case moderne.\" \/>\n<meta name=\"robots\" content=\"index, follow, max-snippet:-1, max-image-preview:large, max-video-preview:-1\" \/>\n<link rel=\"canonical\" href=\"https:\/\/anfina.ch\/it\/citta-intelligenti-e-case-del-futuro\/\" \/>\n<meta property=\"og:locale\" content=\"it_IT\" \/>\n<meta property=\"og:type\" content=\"article\" \/>\n<meta property=\"og:title\" content=\"Febbraio smart: citt\u00e0 intelligenti e case del futuro - anfina immo ag\" \/>\n<meta property=\"og:description\" content=\"Le citt\u00e0 intelligenti e gli immobili smart del 2026: comfort, sostenibilit\u00e0, e materiali innovativi per investimenti e case moderne.\" \/>\n<meta property=\"og:url\" content=\"https:\/\/anfina.ch\/it\/citta-intelligenti-e-case-del-futuro\/\" \/>\n<meta property=\"og:site_name\" content=\"anfina immo ag\" \/>\n<meta property=\"article:published_time\" content=\"2026-02-23T07:55:12+00:00\" \/>\n<meta property=\"article:modified_time\" content=\"2026-02-23T07:55:13+00:00\" \/>\n<meta property=\"og:image\" content=\"http:\/\/anfina.ch\/wp-content\/uploads\/2026\/01\/Foto-Post-22.12-1024x458.jpeg\" \/>\n\t<meta property=\"og:image:width\" content=\"1024\" \/>\n\t<meta property=\"og:image:height\" content=\"458\" \/>\n\t<meta property=\"og:image:type\" content=\"image\/jpeg\" \/>\n<meta name=\"author\" content=\"Alain Andreoli\" \/>\n<meta name=\"twitter:card\" content=\"summary_large_image\" \/>\n<meta name=\"twitter:label1\" content=\"Scritto da\" \/>\n\t<meta name=\"twitter:data1\" content=\"Alain Andreoli\" \/>\n\t<meta name=\"twitter:label2\" content=\"Tempo di lettura stimato\" \/>\n\t<meta name=\"twitter:data2\" content=\"2 minuti\" \/>\n<script type=\"application\/ld+json\" class=\"yoast-schema-graph\">{\"@context\":\"https:\/\/schema.org\",\"@graph\":[{\"@type\":\"Article\",\"@id\":\"https:\/\/anfina.ch\/it\/citta-intelligenti-e-case-del-futuro\/#article\",\"isPartOf\":{\"@id\":\"https:\/\/anfina.ch\/it\/citta-intelligenti-e-case-del-futuro\/\"},\"author\":{\"name\":\"Alain Andreoli\",\"@id\":\"https:\/\/anfina.ch\/#\/schema\/person\/82ee08ea2f55e73baba7f0ddd6229a2e\"},\"headline\":\"Febbraio smart: citt\u00e0 intelligenti e case del futuro\",\"datePublished\":\"2026-02-23T07:55:12+00:00\",\"dateModified\":\"2026-02-23T07:55:13+00:00\",\"mainEntityOfPage\":{\"@id\":\"https:\/\/anfina.ch\/it\/citta-intelligenti-e-case-del-futuro\/\"},\"wordCount\":296,\"publisher\":{\"@id\":\"https:\/\/anfina.ch\/#organization\"},\"image\":{\"@id\":\"https:\/\/anfina.ch\/it\/citta-intelligenti-e-case-del-futuro\/#primaryimage\"},\"thumbnailUrl\":\"https:\/\/anfina.ch\/wp-content\/uploads\/2026\/01\/Foto-Post-22.12.jpeg\",\"articleSection\":[\"Allgemein\"],\"inLanguage\":\"it-IT\"},{\"@type\":\"WebPage\",\"@id\":\"https:\/\/anfina.ch\/it\/citta-intelligenti-e-case-del-futuro\/\",\"url\":\"https:\/\/anfina.ch\/it\/citta-intelligenti-e-case-del-futuro\/\",\"name\":\"Febbraio smart: citt\u00e0 intelligenti e case del futuro - anfina immo ag\",\"isPartOf\":{\"@id\":\"https:\/\/anfina.ch\/#website\"},\"primaryImageOfPage\":{\"@id\":\"https:\/\/anfina.ch\/it\/citta-intelligenti-e-case-del-futuro\/#primaryimage\"},\"image\":{\"@id\":\"https:\/\/anfina.ch\/it\/citta-intelligenti-e-case-del-futuro\/#primaryimage\"},\"thumbnailUrl\":\"https:\/\/anfina.ch\/wp-content\/uploads\/2026\/01\/Foto-Post-22.12.jpeg\",\"datePublished\":\"2026-02-23T07:55:12+00:00\",\"dateModified\":\"2026-02-23T07:55:13+00:00\",\"description\":\"Le citt\u00e0 intelligenti e gli immobili smart del 2026: comfort, sostenibilit\u00e0, e materiali innovativi per investimenti e case moderne.\",\"breadcrumb\":{\"@id\":\"https:\/\/anfina.ch\/it\/citta-intelligenti-e-case-del-futuro\/#breadcrumb\"},\"inLanguage\":\"it-IT\",\"potentialAction\":[{\"@type\":\"ReadAction\",\"target\":[\"https:\/\/anfina.ch\/it\/citta-intelligenti-e-case-del-futuro\/\"]}]},{\"@type\":\"ImageObject\",\"inLanguage\":\"it-IT\",\"@id\":\"https:\/\/anfina.ch\/it\/citta-intelligenti-e-case-del-futuro\/#primaryimage\",\"url\":\"https:\/\/anfina.ch\/wp-content\/uploads\/2026\/01\/Foto-Post-22.12.jpeg\",\"contentUrl\":\"https:\/\/anfina.ch\/wp-content\/uploads\/2026\/01\/Foto-Post-22.12.jpeg\",\"width\":8000,\"height\":3582,\"caption\":\"Smart city and wireless communication network concept. Digital network connection lines\"},{\"@type\":\"BreadcrumbList\",\"@id\":\"https:\/\/anfina.ch\/it\/citta-intelligenti-e-case-del-futuro\/#breadcrumb\",\"itemListElement\":[{\"@type\":\"ListItem\",\"position\":1,\"name\":\"Startseite\",\"item\":\"https:\/\/anfina.ch\/it\/\"},{\"@type\":\"ListItem\",\"position\":2,\"name\":\"Febbraio smart: citt\u00e0 intelligenti e case del futuro\"}]},{\"@type\":\"WebSite\",\"@id\":\"https:\/\/anfina.ch\/#website\",\"url\":\"https:\/\/anfina.ch\/\",\"name\":\"anfina immo ag\",\"description\":\"\",\"publisher\":{\"@id\":\"https:\/\/anfina.ch\/#organization\"},\"potentialAction\":[{\"@type\":\"SearchAction\",\"target\":{\"@type\":\"EntryPoint\",\"urlTemplate\":\"https:\/\/anfina.ch\/?s={search_term_string}\"},\"query-input\":{\"@type\":\"PropertyValueSpecification\",\"valueRequired\":true,\"valueName\":\"search_term_string\"}}],\"inLanguage\":\"it-IT\"},{\"@type\":\"Organization\",\"@id\":\"https:\/\/anfina.ch\/#organization\",\"name\":\"anfina immo ag\",\"url\":\"https:\/\/anfina.ch\/\",\"logo\":{\"@type\":\"ImageObject\",\"inLanguage\":\"it-IT\",\"@id\":\"https:\/\/anfina.ch\/#\/schema\/logo\/image\/\",\"url\":\"http:\/\/anfina.ch\/wp-content\/uploads\/2024\/02\/New-Logo-anfina-per-Social-.png\",\"contentUrl\":\"http:\/\/anfina.ch\/wp-content\/uploads\/2024\/02\/New-Logo-anfina-per-Social-.png\",\"width\":1125,\"height\":272,\"caption\":\"anfina immo ag\"},\"image\":{\"@id\":\"https:\/\/anfina.ch\/#\/schema\/logo\/image\/\"}},{\"@type\":\"Person\",\"@id\":\"https:\/\/anfina.ch\/#\/schema\/person\/82ee08ea2f55e73baba7f0ddd6229a2e\",\"name\":\"Alain Andreoli\"}]}<\/script>\n<!-- \/ Yoast SEO plugin. -->","yoast_head_json":{"title":"Febbraio smart: citt\u00e0 intelligenti e case del futuro - anfina immo ag","description":"Le citt\u00e0 intelligenti e gli immobili smart del 2026: comfort, sostenibilit\u00e0, e materiali innovativi per investimenti e case moderne.","robots":{"index":"index","follow":"follow","max-snippet":"max-snippet:-1","max-image-preview":"max-image-preview:large","max-video-preview":"max-video-preview:-1"},"canonical":"https:\/\/anfina.ch\/it\/citta-intelligenti-e-case-del-futuro\/","og_locale":"it_IT","og_type":"article","og_title":"Febbraio smart: citt\u00e0 intelligenti e case del futuro - anfina immo ag","og_description":"Le citt\u00e0 intelligenti e gli immobili smart del 2026: comfort, sostenibilit\u00e0, e materiali innovativi per investimenti e case moderne.","og_url":"https:\/\/anfina.ch\/it\/citta-intelligenti-e-case-del-futuro\/","og_site_name":"anfina immo ag","article_published_time":"2026-02-23T07:55:12+00:00","article_modified_time":"2026-02-23T07:55:13+00:00","og_image":[{"width":1024,"height":458,"url":"http:\/\/anfina.ch\/wp-content\/uploads\/2026\/01\/Foto-Post-22.12-1024x458.jpeg","type":"image\/jpeg"}],"author":"Alain Andreoli","twitter_card":"summary_large_image","twitter_misc":{"Scritto da":"Alain Andreoli","Tempo di lettura stimato":"2 minuti"},"schema":{"@context":"https:\/\/schema.org","@graph":[{"@type":"Article","@id":"https:\/\/anfina.ch\/it\/citta-intelligenti-e-case-del-futuro\/#article","isPartOf":{"@id":"https:\/\/anfina.ch\/it\/citta-intelligenti-e-case-del-futuro\/"},"author":{"name":"Alain Andreoli","@id":"https:\/\/anfina.ch\/#\/schema\/person\/82ee08ea2f55e73baba7f0ddd6229a2e"},"headline":"Febbraio smart: citt\u00e0 intelligenti e case del futuro","datePublished":"2026-02-23T07:55:12+00:00","dateModified":"2026-02-23T07:55:13+00:00","mainEntityOfPage":{"@id":"https:\/\/anfina.ch\/it\/citta-intelligenti-e-case-del-futuro\/"},"wordCount":296,"publisher":{"@id":"https:\/\/anfina.ch\/#organization"},"image":{"@id":"https:\/\/anfina.ch\/it\/citta-intelligenti-e-case-del-futuro\/#primaryimage"},"thumbnailUrl":"https:\/\/anfina.ch\/wp-content\/uploads\/2026\/01\/Foto-Post-22.12.jpeg","articleSection":["Allgemein"],"inLanguage":"it-IT"},{"@type":"WebPage","@id":"https:\/\/anfina.ch\/it\/citta-intelligenti-e-case-del-futuro\/","url":"https:\/\/anfina.ch\/it\/citta-intelligenti-e-case-del-futuro\/","name":"Febbraio smart: citt\u00e0 intelligenti e case del futuro - anfina immo ag","isPartOf":{"@id":"https:\/\/anfina.ch\/#website"},"primaryImageOfPage":{"@id":"https:\/\/anfina.ch\/it\/citta-intelligenti-e-case-del-futuro\/#primaryimage"},"image":{"@id":"https:\/\/anfina.ch\/it\/citta-intelligenti-e-case-del-futuro\/#primaryimage"},"thumbnailUrl":"https:\/\/anfina.ch\/wp-content\/uploads\/2026\/01\/Foto-Post-22.12.jpeg","datePublished":"2026-02-23T07:55:12+00:00","dateModified":"2026-02-23T07:55:13+00:00","description":"Le citt\u00e0 intelligenti e gli immobili smart del 2026: comfort, sostenibilit\u00e0, e materiali innovativi per investimenti e case moderne.","breadcrumb":{"@id":"https:\/\/anfina.ch\/it\/citta-intelligenti-e-case-del-futuro\/#breadcrumb"},"inLanguage":"it-IT","potentialAction":[{"@type":"ReadAction","target":["https:\/\/anfina.ch\/it\/citta-intelligenti-e-case-del-futuro\/"]}]},{"@type":"ImageObject","inLanguage":"it-IT","@id":"https:\/\/anfina.ch\/it\/citta-intelligenti-e-case-del-futuro\/#primaryimage","url":"https:\/\/anfina.ch\/wp-content\/uploads\/2026\/01\/Foto-Post-22.12.jpeg","contentUrl":"https:\/\/anfina.ch\/wp-content\/uploads\/2026\/01\/Foto-Post-22.12.jpeg","width":8000,"height":3582,"caption":"Smart city and wireless communication network concept. Digital network connection lines"},{"@type":"BreadcrumbList","@id":"https:\/\/anfina.ch\/it\/citta-intelligenti-e-case-del-futuro\/#breadcrumb","itemListElement":[{"@type":"ListItem","position":1,"name":"Startseite","item":"https:\/\/anfina.ch\/it\/"},{"@type":"ListItem","position":2,"name":"Febbraio smart: citt\u00e0 intelligenti e case del futuro"}]},{"@type":"WebSite","@id":"https:\/\/anfina.ch\/#website","url":"https:\/\/anfina.ch\/","name":"anfina immo ag","description":"","publisher":{"@id":"https:\/\/anfina.ch\/#organization"},"potentialAction":[{"@type":"SearchAction","target":{"@type":"EntryPoint","urlTemplate":"https:\/\/anfina.ch\/?s={search_term_string}"},"query-input":{"@type":"PropertyValueSpecification","valueRequired":true,"valueName":"search_term_string"}}],"inLanguage":"it-IT"},{"@type":"Organization","@id":"https:\/\/anfina.ch\/#organization","name":"anfina immo ag","url":"https:\/\/anfina.ch\/","logo":{"@type":"ImageObject","inLanguage":"it-IT","@id":"https:\/\/anfina.ch\/#\/schema\/logo\/image\/","url":"http:\/\/anfina.ch\/wp-content\/uploads\/2024\/02\/New-Logo-anfina-per-Social-.png","contentUrl":"http:\/\/anfina.ch\/wp-content\/uploads\/2024\/02\/New-Logo-anfina-per-Social-.png","width":1125,"height":272,"caption":"anfina immo ag"},"image":{"@id":"https:\/\/anfina.ch\/#\/schema\/logo\/image\/"}},{"@type":"Person","@id":"https:\/\/anfina.ch\/#\/schema\/person\/82ee08ea2f55e73baba7f0ddd6229a2e","name":"Alain Andreoli"}]}},"_links":{"self":[{"href":"https:\/\/anfina.ch\/it\/wp-json\/wp\/v2\/posts\/81835","targetHints":{"allow":["GET"]}}],"collection":[{"href":"https:\/\/anfina.ch\/it\/wp-json\/wp\/v2\/posts"}],"about":[{"href":"https:\/\/anfina.ch\/it\/wp-json\/wp\/v2\/types\/post"}],"author":[{"embeddable":true,"href":"https:\/\/anfina.ch\/it\/wp-json\/wp\/v2\/users\/2"}],"replies":[{"embeddable":true,"href":"https:\/\/anfina.ch\/it\/wp-json\/wp\/v2\/comments?post=81835"}],"version-history":[{"count":0,"href":"https:\/\/anfina.ch\/it\/wp-json\/wp\/v2\/posts\/81835\/revisions"}],"wp:featuredmedia":[{"embeddable":true,"href":"https:\/\/anfina.ch\/it\/wp-json\/wp\/v2\/media\/81836"}],"wp:attachment":[{"href":"https:\/\/anfina.ch\/it\/wp-json\/wp\/v2\/media?parent=81835"}],"wp:term":[{"taxonomy":"category","embeddable":true,"href":"https:\/\/anfina.ch\/it\/wp-json\/wp\/v2\/categories?post=81835"},{"taxonomy":"post_tag","embeddable":true,"href":"https:\/\/anfina.ch\/it\/wp-json\/wp\/v2\/tags?post=81835"}],"curies":[{"name":"wp","href":"https:\/\/api.w.org\/{rel}","templated":true}]}}