{"id":81583,"date":"2025-06-11T09:44:27","date_gmt":"2025-06-11T07:44:27","guid":{"rendered":"https:\/\/anfina.ch\/?p=81583"},"modified":"2025-06-11T09:44:28","modified_gmt":"2025-06-11T07:44:28","slug":"alpi-svizzere-alpine-living","status":"publish","type":"post","link":"https:\/\/anfina.ch\/it\/alpi-svizzere-alpine-living\/","title":{"rendered":"Alpi Svizzere: il nuovo rifugio di qualit\u00e0"},"content":{"rendered":"\n<h2 class=\"wp-block-heading\"><strong>Una scelta di vita che unisce natura e opportunit\u00e0 di investimento nelle Alpi svizzere.<\/strong><\/h2>\n\n\n\n<div style=\"height:69px\" aria-hidden=\"true\" class=\"wp-block-spacer\"><\/div>\n\n\n\n<figure class=\"wp-block-image size-large\"><a href=\"http:\/\/anfina.ch\/wp-content\/uploads\/2025\/06\/AdobeStock_630756139.jpeg\"><img loading=\"lazy\" decoding=\"async\" width=\"1024\" height=\"643\" src=\"http:\/\/anfina.ch\/wp-content\/uploads\/2025\/06\/AdobeStock_630756139-1024x643.jpeg\" alt=\"\" class=\"wp-image-81582\" srcset=\"https:\/\/anfina.ch\/wp-content\/uploads\/2025\/06\/AdobeStock_630756139-1024x643.jpeg 1024w, https:\/\/anfina.ch\/wp-content\/uploads\/2025\/06\/AdobeStock_630756139-300x188.jpeg 300w, https:\/\/anfina.ch\/wp-content\/uploads\/2025\/06\/AdobeStock_630756139-768x482.jpeg 768w, https:\/\/anfina.ch\/wp-content\/uploads\/2025\/06\/AdobeStock_630756139-150x94.jpeg 150w, https:\/\/anfina.ch\/wp-content\/uploads\/2025\/06\/AdobeStock_630756139-1536x964.jpeg 1536w, https:\/\/anfina.ch\/wp-content\/uploads\/2025\/06\/AdobeStock_630756139-2048x1285.jpeg 2048w\" sizes=\"auto, (max-width: 1024px) 100vw, 1024px\" \/><\/a><\/figure>\n\n\n\n<div style=\"height:69px\" aria-hidden=\"true\" class=\"wp-block-spacer\"><\/div>\n\n\n\n<p>Negli ultimi anni, la Svizzera ha visto un crescente interesse per le abitazioni nelle regioni alpine. Questo fenomeno, noto come &#8220;alpine living&#8221;, sta trasformando localit\u00e0 come Andermatt, Klosters, Zermatt e St. Moritz in destinazioni ambite per chi cerca una vita pi\u00f9 tranquilla e a contatto con la natura.<\/p>\n\n\n\n<div style=\"height:45px\" aria-hidden=\"true\" class=\"wp-block-spacer\"><\/div>\n\n\n\n<h3 class=\"wp-block-heading\"><strong>Dati recenti evidenziano questo trend:<\/strong><\/h3>\n\n\n\n<ul class=\"wp-block-list\">\n<li><strong>Andermatt<\/strong> ha registrato un aumento del 22% dei residenti permanenti dal 2010, grazie a investimenti in infrastrutture e a una fiscalit\u00e0 vantaggiosa per i residenti stranieri.<\/li>\n\n\n\n<li><strong>La regione alpina<\/strong> ha visto un incremento dei prezzi delle abitazioni del 4,4% nel 2024, indicando una domanda crescente per le case in montagna.<\/li>\n<\/ul>\n\n\n\n<div style=\"height:45px\" aria-hidden=\"true\" class=\"wp-block-spacer\"><\/div>\n\n\n\n<h3 class=\"wp-block-heading\"><strong>Perch\u00e9 scegliere una casa in montagna?<\/strong><\/h3>\n\n\n\n<p>Le motivazioni che spingono sempre pi\u00f9 persone a trasferirsi nelle Alpi svizzere includono:<\/p>\n\n\n\n<ul class=\"wp-block-list\">\n<li><strong>Ricerca di tranquillit\u00e0 e qualit\u00e0 della vita: <\/strong>La montagna offre un ambiente sereno, lontano dalla frenesia urbana, ideale per chi cerca pace e contatto con la natura.<\/li>\n\n\n\n<li><strong>Opportunit\u00e0 di attivit\u00e0 all&#8217;aperto tutto l&#8217;anno<\/strong>: Le Alpi svizzere non sono solo una meta per gli sport invernali, ma anche per escursioni estive, ritiri wellness e altre attivit\u00e0 legate al benessere.<\/li>\n\n\n\n<li><strong>Investimento a lungo termine: <\/strong>Le case in montagna rappresentano una solida opportunit\u00e0 di investimento, con la possibilit\u00e0 di affittarle durante i periodi di non utilizzo e di generare reddito aggiuntivo.<\/li>\n<\/ul>\n\n\n\n<div style=\"height:45px\" aria-hidden=\"true\" class=\"wp-block-spacer\"><\/div>\n\n\n\n<h3 class=\"wp-block-heading\"><strong>Chi sta acquistando oggi nelle Alpi svizzere?<\/strong><\/h3>\n\n\n\n<p>Non sono pi\u00f9 solo gli acquirenti molto ricchi a cercare una seconda casa di lusso.<\/p>\n\n\n\n<p>Oggi tra gli acquirenti delle Alpi ci sono anche famiglie svizzere alla ricerca di una nuova qualit\u00e0 di vita. Ma anche giovani professionisti e pensionati. Questi ultimi scelgono la montagna per trascorrere un periodo speciale. Cresce anche l&#8217;interesse degli investitori stranieri.<\/p>\n\n\n\n<p>In particolare, gli acquirenti provenienti da Germania, Stati Uniti e Paesi Bassi mostrano un interesse crescente. Sono attratti dalla stabilit\u00e0 economica, dall&#8217;accesso alla natura e dalla solidit\u00e0 del mercato immobiliare svizzero.<\/p>\n\n\n\n<div style=\"height:45px\" aria-hidden=\"true\" class=\"wp-block-spacer\"><\/div>\n\n\n\n<h3 class=\"wp-block-heading\"><strong>Offerte anfina<\/strong><\/h3>\n\n\n\n<p>anfina propone <strong>esclusive offerte immobiliari nelle Alpi svizzere<\/strong>, in particolare nella rinomata localit\u00e0 di <strong>Klosters<\/strong>, ideale per chi cerca eleganza, tranquillit\u00e0 e natura incontaminata.<br>Scopri uno dei nostri ultimi annunci disponibili cliccando qui:<br><a href=\"https:\/\/anfina.ch\/immobilien\/1577829de-drei-hochkaraeter-appartements-fuer-einen-unvergesslichen-lebensgefuehl\/\">Visualizza l&#8217;annuncio completo<\/a><\/p>\n\n\n\n<p><strong><a href=\"info@anfina.ch\">\u00a0Contattaci per scoprire di pi\u00f9<\/a><\/strong><\/p>\n\n\n\n<p><\/p>\n<div class=\"casawp-legal__page casawp-legal__page--imprint\"><p>\n\t<strong>anfina immo ag<\/strong>\n\n\t\t<br>Flobotstrasse 3\n\n\n\t\t<br>8044 Z\u00fcrich\n\n\t\t<br>Schweiz\n<\/p>\n<p>\n\t\tTel. +41 43 541 23 60\n\t\t<br><a href=\"mailto:info@anfina.ch\">info@anfina.ch<\/a>\n\t\t<br><a href=\"http:\/\/www.anfina.ch\">http:\/\/www.anfina.ch<\/a>\n<\/p>\n\n\t<p><br>IDI: CHE-196.432.915 MWST<\/p>\n<br>\n<p><strong>Realizzazione<\/strong><\/p>\n<p><strong>Casasoft AG<\/strong><br>\nThurgauerstrasse 36<br>\n8050 Z\u00fcrich<br>\n<a href=\"https:\/\/casasoft.ch\" target=\"_blank\">www.casasoft.ch<\/a><\/p>\n<\/div>","protected":false},"excerpt":{"rendered":"<p>Una scelta di vita che unisce natura e opportunit\u00e0 di investimento nelle Alpi svizzere. Negli ultimi anni, la Svizzera ha [&hellip;]<\/p>\n","protected":false},"author":2,"featured_media":81582,"comment_status":"closed","ping_status":"closed","sticky":false,"template":"","format":"standard","meta":{"_acf_changed":false,"footnotes":""},"categories":[26],"tags":[],"class_list":["post-81583","post","type-post","status-publish","format-standard","has-post-thumbnail","hentry","category-allgemein-it"],"acf":[],"yoast_head":"<!-- This site is optimized with the Yoast SEO plugin v24.9 - https:\/\/yoast.com\/wordpress\/plugins\/seo\/ -->\n<title>Alpi Svizzere: il nuovo rifugio di qualit\u00e0 - anfina immo ag<\/title>\n<meta name=\"description\" content=\"Alpi Svizzere: il nuovo rifugio di qualit\u00e0Una scelta di vita che unisce natura e opportunit\u00e0 di investimento nelle Alpi svizzere\" \/>\n<meta name=\"robots\" content=\"index, follow, max-snippet:-1, max-image-preview:large, max-video-preview:-1\" \/>\n<link rel=\"canonical\" href=\"https:\/\/anfina.ch\/it\/alpi-svizzere-alpine-living\/\" \/>\n<meta property=\"og:locale\" content=\"it_IT\" \/>\n<meta property=\"og:type\" content=\"article\" \/>\n<meta property=\"og:title\" content=\"Alpi Svizzere: il nuovo rifugio di qualit\u00e0 - anfina immo ag\" \/>\n<meta property=\"og:description\" content=\"Alpi Svizzere: il nuovo rifugio di qualit\u00e0Una scelta di vita che unisce natura e opportunit\u00e0 di investimento nelle Alpi svizzere\" \/>\n<meta property=\"og:url\" content=\"https:\/\/anfina.ch\/it\/alpi-svizzere-alpine-living\/\" \/>\n<meta property=\"og:site_name\" content=\"anfina immo ag\" \/>\n<meta property=\"article:published_time\" content=\"2025-06-11T07:44:27+00:00\" \/>\n<meta property=\"article:modified_time\" content=\"2025-06-11T07:44:28+00:00\" \/>\n<meta property=\"og:image\" content=\"http:\/\/anfina.ch\/wp-content\/uploads\/2025\/06\/AdobeStock_630756139.jpeg\" \/>\n\t<meta property=\"og:image:width\" content=\"2550\" \/>\n\t<meta property=\"og:image:height\" content=\"1600\" \/>\n\t<meta property=\"og:image:type\" content=\"image\/jpeg\" \/>\n<meta name=\"author\" content=\"Alain Andreoli\" \/>\n<meta name=\"twitter:card\" content=\"summary_large_image\" \/>\n<meta name=\"twitter:label1\" content=\"Scritto da\" \/>\n\t<meta name=\"twitter:data1\" content=\"Alain Andreoli\" \/>\n\t<meta name=\"twitter:label2\" content=\"Tempo di lettura stimato\" \/>\n\t<meta name=\"twitter:data2\" content=\"3 minuti\" \/>\n<script type=\"application\/ld+json\" class=\"yoast-schema-graph\">{\"@context\":\"https:\/\/schema.org\",\"@graph\":[{\"@type\":\"Article\",\"@id\":\"https:\/\/anfina.ch\/it\/alpi-svizzere-alpine-living\/#article\",\"isPartOf\":{\"@id\":\"https:\/\/anfina.ch\/it\/alpi-svizzere-alpine-living\/\"},\"author\":{\"name\":\"Alain Andreoli\",\"@id\":\"https:\/\/anfina.ch\/#\/schema\/person\/82ee08ea2f55e73baba7f0ddd6229a2e\"},\"headline\":\"Alpi Svizzere: il nuovo rifugio di qualit\u00e0\",\"datePublished\":\"2025-06-11T07:44:27+00:00\",\"dateModified\":\"2025-06-11T07:44:28+00:00\",\"mainEntityOfPage\":{\"@id\":\"https:\/\/anfina.ch\/it\/alpi-svizzere-alpine-living\/\"},\"wordCount\":369,\"publisher\":{\"@id\":\"https:\/\/anfina.ch\/#organization\"},\"image\":{\"@id\":\"https:\/\/anfina.ch\/it\/alpi-svizzere-alpine-living\/#primaryimage\"},\"thumbnailUrl\":\"https:\/\/anfina.ch\/wp-content\/uploads\/2025\/06\/AdobeStock_630756139.jpeg\",\"articleSection\":[\"Allgemein @it\"],\"inLanguage\":\"it-IT\"},{\"@type\":\"WebPage\",\"@id\":\"https:\/\/anfina.ch\/it\/alpi-svizzere-alpine-living\/\",\"url\":\"https:\/\/anfina.ch\/it\/alpi-svizzere-alpine-living\/\",\"name\":\"Alpi Svizzere: il nuovo rifugio di qualit\u00e0 - anfina immo ag\",\"isPartOf\":{\"@id\":\"https:\/\/anfina.ch\/#website\"},\"primaryImageOfPage\":{\"@id\":\"https:\/\/anfina.ch\/it\/alpi-svizzere-alpine-living\/#primaryimage\"},\"image\":{\"@id\":\"https:\/\/anfina.ch\/it\/alpi-svizzere-alpine-living\/#primaryimage\"},\"thumbnailUrl\":\"https:\/\/anfina.ch\/wp-content\/uploads\/2025\/06\/AdobeStock_630756139.jpeg\",\"datePublished\":\"2025-06-11T07:44:27+00:00\",\"dateModified\":\"2025-06-11T07:44:28+00:00\",\"description\":\"Alpi Svizzere: il nuovo rifugio di qualit\u00e0Una scelta di vita che unisce natura e opportunit\u00e0 di investimento nelle Alpi svizzere\",\"breadcrumb\":{\"@id\":\"https:\/\/anfina.ch\/it\/alpi-svizzere-alpine-living\/#breadcrumb\"},\"inLanguage\":\"it-IT\",\"potentialAction\":[{\"@type\":\"ReadAction\",\"target\":[\"https:\/\/anfina.ch\/it\/alpi-svizzere-alpine-living\/\"]}]},{\"@type\":\"ImageObject\",\"inLanguage\":\"it-IT\",\"@id\":\"https:\/\/anfina.ch\/it\/alpi-svizzere-alpine-living\/#primaryimage\",\"url\":\"https:\/\/anfina.ch\/wp-content\/uploads\/2025\/06\/AdobeStock_630756139.jpeg\",\"contentUrl\":\"https:\/\/anfina.ch\/wp-content\/uploads\/2025\/06\/AdobeStock_630756139.jpeg\",\"width\":2550,\"height\":1600},{\"@type\":\"BreadcrumbList\",\"@id\":\"https:\/\/anfina.ch\/it\/alpi-svizzere-alpine-living\/#breadcrumb\",\"itemListElement\":[{\"@type\":\"ListItem\",\"position\":1,\"name\":\"Startseite\",\"item\":\"https:\/\/anfina.ch\/it\/\"},{\"@type\":\"ListItem\",\"position\":2,\"name\":\"Alpi Svizzere: il nuovo rifugio di qualit\u00e0\"}]},{\"@type\":\"WebSite\",\"@id\":\"https:\/\/anfina.ch\/#website\",\"url\":\"https:\/\/anfina.ch\/\",\"name\":\"anfina immo ag\",\"description\":\"\",\"publisher\":{\"@id\":\"https:\/\/anfina.ch\/#organization\"},\"potentialAction\":[{\"@type\":\"SearchAction\",\"target\":{\"@type\":\"EntryPoint\",\"urlTemplate\":\"https:\/\/anfina.ch\/?s={search_term_string}\"},\"query-input\":{\"@type\":\"PropertyValueSpecification\",\"valueRequired\":true,\"valueName\":\"search_term_string\"}}],\"inLanguage\":\"it-IT\"},{\"@type\":\"Organization\",\"@id\":\"https:\/\/anfina.ch\/#organization\",\"name\":\"anfina immo ag\",\"url\":\"https:\/\/anfina.ch\/\",\"logo\":{\"@type\":\"ImageObject\",\"inLanguage\":\"it-IT\",\"@id\":\"https:\/\/anfina.ch\/#\/schema\/logo\/image\/\",\"url\":\"http:\/\/anfina.ch\/wp-content\/uploads\/2024\/02\/New-Logo-anfina-per-Social-.png\",\"contentUrl\":\"http:\/\/anfina.ch\/wp-content\/uploads\/2024\/02\/New-Logo-anfina-per-Social-.png\",\"width\":1125,\"height\":272,\"caption\":\"anfina immo ag\"},\"image\":{\"@id\":\"https:\/\/anfina.ch\/#\/schema\/logo\/image\/\"}},{\"@type\":\"Person\",\"@id\":\"https:\/\/anfina.ch\/#\/schema\/person\/82ee08ea2f55e73baba7f0ddd6229a2e\",\"name\":\"Alain Andreoli\"}]}<\/script>\n<!-- \/ Yoast SEO plugin. -->","yoast_head_json":{"title":"Alpi Svizzere: il nuovo rifugio di qualit\u00e0 - anfina immo ag","description":"Alpi Svizzere: il nuovo rifugio di qualit\u00e0Una scelta di vita che unisce natura e opportunit\u00e0 di investimento nelle Alpi svizzere","robots":{"index":"index","follow":"follow","max-snippet":"max-snippet:-1","max-image-preview":"max-image-preview:large","max-video-preview":"max-video-preview:-1"},"canonical":"https:\/\/anfina.ch\/it\/alpi-svizzere-alpine-living\/","og_locale":"it_IT","og_type":"article","og_title":"Alpi Svizzere: il nuovo rifugio di qualit\u00e0 - anfina immo ag","og_description":"Alpi Svizzere: il nuovo rifugio di qualit\u00e0Una scelta di vita che unisce natura e opportunit\u00e0 di investimento nelle Alpi svizzere","og_url":"https:\/\/anfina.ch\/it\/alpi-svizzere-alpine-living\/","og_site_name":"anfina immo ag","article_published_time":"2025-06-11T07:44:27+00:00","article_modified_time":"2025-06-11T07:44:28+00:00","og_image":[{"width":2550,"height":1600,"url":"http:\/\/anfina.ch\/wp-content\/uploads\/2025\/06\/AdobeStock_630756139.jpeg","type":"image\/jpeg"}],"author":"Alain Andreoli","twitter_card":"summary_large_image","twitter_misc":{"Scritto da":"Alain Andreoli","Tempo di lettura stimato":"3 minuti"},"schema":{"@context":"https:\/\/schema.org","@graph":[{"@type":"Article","@id":"https:\/\/anfina.ch\/it\/alpi-svizzere-alpine-living\/#article","isPartOf":{"@id":"https:\/\/anfina.ch\/it\/alpi-svizzere-alpine-living\/"},"author":{"name":"Alain Andreoli","@id":"https:\/\/anfina.ch\/#\/schema\/person\/82ee08ea2f55e73baba7f0ddd6229a2e"},"headline":"Alpi Svizzere: il nuovo rifugio di qualit\u00e0","datePublished":"2025-06-11T07:44:27+00:00","dateModified":"2025-06-11T07:44:28+00:00","mainEntityOfPage":{"@id":"https:\/\/anfina.ch\/it\/alpi-svizzere-alpine-living\/"},"wordCount":369,"publisher":{"@id":"https:\/\/anfina.ch\/#organization"},"image":{"@id":"https:\/\/anfina.ch\/it\/alpi-svizzere-alpine-living\/#primaryimage"},"thumbnailUrl":"https:\/\/anfina.ch\/wp-content\/uploads\/2025\/06\/AdobeStock_630756139.jpeg","articleSection":["Allgemein @it"],"inLanguage":"it-IT"},{"@type":"WebPage","@id":"https:\/\/anfina.ch\/it\/alpi-svizzere-alpine-living\/","url":"https:\/\/anfina.ch\/it\/alpi-svizzere-alpine-living\/","name":"Alpi Svizzere: il nuovo rifugio di qualit\u00e0 - anfina immo ag","isPartOf":{"@id":"https:\/\/anfina.ch\/#website"},"primaryImageOfPage":{"@id":"https:\/\/anfina.ch\/it\/alpi-svizzere-alpine-living\/#primaryimage"},"image":{"@id":"https:\/\/anfina.ch\/it\/alpi-svizzere-alpine-living\/#primaryimage"},"thumbnailUrl":"https:\/\/anfina.ch\/wp-content\/uploads\/2025\/06\/AdobeStock_630756139.jpeg","datePublished":"2025-06-11T07:44:27+00:00","dateModified":"2025-06-11T07:44:28+00:00","description":"Alpi Svizzere: il nuovo rifugio di qualit\u00e0Una scelta di vita che unisce natura e opportunit\u00e0 di investimento nelle Alpi svizzere","breadcrumb":{"@id":"https:\/\/anfina.ch\/it\/alpi-svizzere-alpine-living\/#breadcrumb"},"inLanguage":"it-IT","potentialAction":[{"@type":"ReadAction","target":["https:\/\/anfina.ch\/it\/alpi-svizzere-alpine-living\/"]}]},{"@type":"ImageObject","inLanguage":"it-IT","@id":"https:\/\/anfina.ch\/it\/alpi-svizzere-alpine-living\/#primaryimage","url":"https:\/\/anfina.ch\/wp-content\/uploads\/2025\/06\/AdobeStock_630756139.jpeg","contentUrl":"https:\/\/anfina.ch\/wp-content\/uploads\/2025\/06\/AdobeStock_630756139.jpeg","width":2550,"height":1600},{"@type":"BreadcrumbList","@id":"https:\/\/anfina.ch\/it\/alpi-svizzere-alpine-living\/#breadcrumb","itemListElement":[{"@type":"ListItem","position":1,"name":"Startseite","item":"https:\/\/anfina.ch\/it\/"},{"@type":"ListItem","position":2,"name":"Alpi Svizzere: il nuovo rifugio di qualit\u00e0"}]},{"@type":"WebSite","@id":"https:\/\/anfina.ch\/#website","url":"https:\/\/anfina.ch\/","name":"anfina immo ag","description":"","publisher":{"@id":"https:\/\/anfina.ch\/#organization"},"potentialAction":[{"@type":"SearchAction","target":{"@type":"EntryPoint","urlTemplate":"https:\/\/anfina.ch\/?s={search_term_string}"},"query-input":{"@type":"PropertyValueSpecification","valueRequired":true,"valueName":"search_term_string"}}],"inLanguage":"it-IT"},{"@type":"Organization","@id":"https:\/\/anfina.ch\/#organization","name":"anfina immo ag","url":"https:\/\/anfina.ch\/","logo":{"@type":"ImageObject","inLanguage":"it-IT","@id":"https:\/\/anfina.ch\/#\/schema\/logo\/image\/","url":"http:\/\/anfina.ch\/wp-content\/uploads\/2024\/02\/New-Logo-anfina-per-Social-.png","contentUrl":"http:\/\/anfina.ch\/wp-content\/uploads\/2024\/02\/New-Logo-anfina-per-Social-.png","width":1125,"height":272,"caption":"anfina immo ag"},"image":{"@id":"https:\/\/anfina.ch\/#\/schema\/logo\/image\/"}},{"@type":"Person","@id":"https:\/\/anfina.ch\/#\/schema\/person\/82ee08ea2f55e73baba7f0ddd6229a2e","name":"Alain Andreoli"}]}},"_links":{"self":[{"href":"https:\/\/anfina.ch\/it\/wp-json\/wp\/v2\/posts\/81583","targetHints":{"allow":["GET"]}}],"collection":[{"href":"https:\/\/anfina.ch\/it\/wp-json\/wp\/v2\/posts"}],"about":[{"href":"https:\/\/anfina.ch\/it\/wp-json\/wp\/v2\/types\/post"}],"author":[{"embeddable":true,"href":"https:\/\/anfina.ch\/it\/wp-json\/wp\/v2\/users\/2"}],"replies":[{"embeddable":true,"href":"https:\/\/anfina.ch\/it\/wp-json\/wp\/v2\/comments?post=81583"}],"version-history":[{"count":0,"href":"https:\/\/anfina.ch\/it\/wp-json\/wp\/v2\/posts\/81583\/revisions"}],"wp:featuredmedia":[{"embeddable":true,"href":"https:\/\/anfina.ch\/it\/wp-json\/wp\/v2\/media\/81582"}],"wp:attachment":[{"href":"https:\/\/anfina.ch\/it\/wp-json\/wp\/v2\/media?parent=81583"}],"wp:term":[{"taxonomy":"category","embeddable":true,"href":"https:\/\/anfina.ch\/it\/wp-json\/wp\/v2\/categories?post=81583"},{"taxonomy":"post_tag","embeddable":true,"href":"https:\/\/anfina.ch\/it\/wp-json\/wp\/v2\/tags?post=81583"}],"curies":[{"name":"wp","href":"https:\/\/api.w.org\/{rel}","templated":true}]}}