{"id":81072,"date":"2025-01-13T13:00:48","date_gmt":"2025-01-13T12:00:48","guid":{"rendered":"https:\/\/anfina.ch\/?p=81072"},"modified":"2025-11-24T11:59:05","modified_gmt":"2025-11-24T10:59:05","slug":"interior-design-2025-trend-2025","status":"publish","type":"post","link":"https:\/\/anfina.ch\/it\/interior-design-2025-trend-2025\/","title":{"rendered":"Interior Design 2025: Connessione con la natura, comfort e personalit\u00e0 unica"},"content":{"rendered":"\n<h2 class=\"wp-block-heading\">Tendenze chiave del nuovo anno: sostenibilit\u00e0, stile Japandi e case smart<\/h2>\n\n\n\n<figure class=\"wp-block-image size-large\"><a href=\"https:\/\/anfina.ch\/wp-content\/uploads\/2025\/01\/AdobeStock_1092599848-1-scaled.jpeg\"><img loading=\"lazy\" decoding=\"async\" width=\"1024\" height=\"574\" src=\"https:\/\/anfina.ch\/wp-content\/uploads\/2025\/01\/AdobeStock_1092599848-1-1024x574.jpeg\" alt=\"\" class=\"wp-image-81073\" srcset=\"https:\/\/anfina.ch\/wp-content\/uploads\/2025\/01\/AdobeStock_1092599848-1-1024x574.jpeg 1024w, https:\/\/anfina.ch\/wp-content\/uploads\/2025\/01\/AdobeStock_1092599848-1-300x168.jpeg 300w, https:\/\/anfina.ch\/wp-content\/uploads\/2025\/01\/AdobeStock_1092599848-1-768x430.jpeg 768w, https:\/\/anfina.ch\/wp-content\/uploads\/2025\/01\/AdobeStock_1092599848-1-150x84.jpeg 150w, https:\/\/anfina.ch\/wp-content\/uploads\/2025\/01\/AdobeStock_1092599848-1-1536x861.jpeg 1536w, https:\/\/anfina.ch\/wp-content\/uploads\/2025\/01\/AdobeStock_1092599848-1-2048x1148.jpeg 2048w\" sizes=\"auto, (max-width: 1024px) 100vw, 1024px\" \/><\/a><\/figure>\n\n\n\n<div style=\"height:100px\" aria-hidden=\"true\" class=\"wp-block-spacer\"><\/div>\n\n\n\n<p>Connessione con la natura, individualit\u00e0 e benessere personale sono i concetti chiave alla base dell\u2019interior deisgn del 2025.<\/p>\n\n\n\n<p>Analizziamo le tendenze del nuovo anno:<\/p>\n\n\n\n<h3 class=\"wp-block-heading\"><strong>Sostenibilit\u00e0<\/strong><\/h3>\n\n\n\n<p>Principio cardine del design nel 2025 \u00e8 la sostenibilit\u00e0. L&#8217;uso di materiali naturali e riciclati \u00e8 al centro delle nuove collezioni: legno certificato, pietra locale, bamb\u00f9 e sughero sono tra i pi\u00f9 richiesti.<\/p>\n\n\n\n<p>Emergenti materiali bio-based, come la pelle vegana realizzata da cactus o micelio (funghi), ridefiniscono il concetto di lusso nel rispetto dell\u2019ambiente.<\/p>\n\n\n\n<h3 class=\"wp-block-heading\"><strong>Comfort e Benessere&nbsp;<\/strong><\/h3>\n\n\n\n<p>Nel 2025 si prediliger\u00e0 un design d&#8217;interni che promuova la salute fisica e mentale. Con linee morbide, materiali soffici e avvolgenti, spazi aperti e il concetto di spa domestica, che sta diventando sempre pi\u00f9 la norma, la casa diventer\u00e0 un luogo in cui benessere e comfort si combinano senza soluzione di continuit\u00e0.<\/p>\n\n\n\n<h3 class=\"wp-block-heading\"><strong>Stile Japandi<\/strong><\/h3>\n\n\n\n<p><a href=\"https:\/\/www.instagram.com\/p\/DEfM3zkAd9y\/\">Lo stile Japandi<\/a>, una fusione tra estetica giapponese e funzionalit\u00e0 scandinava, \u00e8 tra le tendenze principali del 2025. Un&#8217;atmosfera rilassante, dove un minimalismo accogliente e funzionale dona un senso di pace e ordine.<\/p>\n\n\n\n<p>La palette cromatica \u00e8 caratterizzata da toni naturali come beige, verde oliva e terracotta, abbinati a materiali autentici come legno chiaro e tessuti grezzi.<\/p>\n\n\n\n<h3 class=\"wp-block-heading\"><strong>Case smart<\/strong><\/h3>\n\n\n\n<p>La tecnologia invisibile gioca un ruolo chiave: sistemi di domotica integrati, televisori a scomparsa e specchi intelligenti rendono la casa pi\u00f9 funzionale senza compromettere l&#8217;estetica. Questi strumenti non solo migliorano la qualit\u00e0 della vita, ma rappresentano un passo avanti verso un design futuristico e intuitivo.<\/p>\n\n\n\n<h3 class=\"wp-block-heading\"><strong>Maximalismo&nbsp;<\/strong><\/h3>\n\n\n\n<p>A celebrare l\u2019individualit\u00e0 troviamo un Maximalismo come espressione di personalit\u00e0, con il quale ritroviamo un\u2019esplosione di pattern, colori e texture. Con audaci combinazioni di mobili, tessuti e accessori.<\/p>\n\n\n\n<h3 class=\"wp-block-heading\"><strong>Il fascino del Vintage<\/strong><\/h3>\n\n\n\n<p>Il fascino del passato continua senza sosta e cresce negli anni: accessori e mobili vintage, reinterpretati con dettagli moderni, riflettono il crescente desiderio di autenticit\u00e0 e unicit\u00e0 in un mondo globalizzato.<br>Materiali tradizionali come il vetro colorato, il marmo e il legno massiccio sono abbinati al design contemporaneo e conferiscono carattere e unicit\u00e0.<\/p>\n\n\n\n<h3 class=\"wp-block-heading\"><strong>Grandi novit\u00e0<\/strong><\/h3>\n\n\n\n<p>Per quanto riguarda il benessere psicofisico, anfina ha una novit\u00e0 esclusiva per voi: tre appartamenti di lusso immersi nella natura, il cui stile integra magnificamente tutte le suddette tendenze di design del 2025:<\/p>\n\n\n\n<ul class=\"wp-block-list\">\n<li><strong>Madrisa<\/strong>: Appartamento di 5,5 locali con una superficie abitabile netta di 181 m\u00b2 e una terrazza di 126 m\u00b2.<\/li>\n\n\n\n<li><strong>Parsen<\/strong>: Appartamento di 4,5 locali al piano superiore con una superficie abitabile netta di 147 m\u00b2 e una terrazza solarium di 72 m\u00b2.<\/li>\n\n\n\n<li><strong>Pischa<\/strong>: Attico di 3,5 locali con una superficie abitabile netta di 113 m\u00b2 e una terrazza sul tetto di 140 m\u00b2 con vista mozzafiato.<\/li>\n<\/ul>\n\n\n\n<p>Le tre magnifiche opzioni sono dotate di una vasca idromassaggio esterna, di una sauna e di una doccia benessere interna e presentano un design interno che combina eleganza e comfort in modo mitico.<\/p>\n\n\n\n<p>Svegliarsi ogni mattina circondati dalla natura, con le montagne che si ergono maestose all&#8217;orizzonte, la luce del sole che filtra dalle grandi finestre e tutti i comfort per il vostro benessere \u00e8 la scelta giusta. Anche voi potete scegliere questa unicit\u00e0.<br>Contattateci per <a href=\"https:\/\/anfina.ch\/kontakt-wir-sind-gerne-fur-sie-da\/\">ulteriori informazioni.<\/a><\/p>\n\n\n\n<p class=\"has-text-align-right\">La vostra anfina<\/p>\n<div class=\"casawp-legal__page casawp-legal__page--imprint\"><p>\n\t<strong>anfina immo ag<\/strong>\n\n\t\t<br>Flobotstrasse 3\n\n\n\t\t<br>8044 Z\u00fcrich\n\n\t\t<br>Schweiz\n<\/p>\n<p>\n\t\tTel. +41 43 541 23 60\n\t\t<br><a href=\"mailto:info@anfina.ch\">info@anfina.ch<\/a>\n\t\t<br><a href=\"http:\/\/www.anfina.ch\">http:\/\/www.anfina.ch<\/a>\n<\/p>\n\n\t<p><br>IDI: CHE-196.432.915 MWST<\/p>\n<br>\n<p><strong>Realizzazione<\/strong><\/p>\n<p><strong>Casasoft AG<\/strong><br>\nThurgauerstrasse 36<br>\n8050 Z\u00fcrich<br>\n<a href=\"https:\/\/casasoft.ch\" target=\"_blank\">www.casasoft.ch<\/a><\/p>\n<\/div>","protected":false},"excerpt":{"rendered":"<p>Tendenze chiave del nuovo anno: sostenibilit\u00e0, stile Japandi e case smart Connessione con la natura, individualit\u00e0 e benessere personale sono [&hellip;]<\/p>\n","protected":false},"author":2,"featured_media":81073,"comment_status":"closed","ping_status":"closed","sticky":false,"template":"","format":"standard","meta":{"_acf_changed":false,"footnotes":""},"categories":[26],"tags":[],"class_list":["post-81072","post","type-post","status-publish","format-standard","has-post-thumbnail","hentry","category-allgemein-it"],"acf":[],"yoast_head":"<!-- This site is optimized with the Yoast SEO plugin v24.9 - https:\/\/yoast.com\/wordpress\/plugins\/seo\/ -->\n<title>Interior Design 2025 - anfina immo ag<\/title>\n<meta name=\"description\" content=\"Interior design 2025: scopri le nuove tendenze, sostenibilit\u00e0, comfort e case smart per creare spazi unici, eleganti e accoglienti.\" \/>\n<meta name=\"robots\" content=\"index, follow, max-snippet:-1, max-image-preview:large, max-video-preview:-1\" \/>\n<link rel=\"canonical\" href=\"https:\/\/anfina.ch\/it\/interior-design-2025-trend-2025\/\" \/>\n<meta property=\"og:locale\" content=\"it_IT\" \/>\n<meta property=\"og:type\" content=\"article\" \/>\n<meta property=\"og:title\" content=\"Interior Design 2025 - anfina immo ag\" \/>\n<meta property=\"og:description\" content=\"Interior design 2025: scopri le nuove tendenze, sostenibilit\u00e0, comfort e case smart per creare spazi unici, eleganti e accoglienti.\" \/>\n<meta property=\"og:url\" content=\"https:\/\/anfina.ch\/it\/interior-design-2025-trend-2025\/\" \/>\n<meta property=\"og:site_name\" content=\"anfina immo ag\" \/>\n<meta property=\"article:published_time\" content=\"2025-01-13T12:00:48+00:00\" \/>\n<meta property=\"article:modified_time\" content=\"2025-11-24T10:59:05+00:00\" \/>\n<meta property=\"og:image\" content=\"http:\/\/anfina.ch\/wp-content\/uploads\/2025\/01\/AdobeStock_1092599848-1-scaled.jpeg\" \/>\n\t<meta property=\"og:image:width\" content=\"2560\" \/>\n\t<meta property=\"og:image:height\" content=\"1435\" \/>\n\t<meta property=\"og:image:type\" content=\"image\/jpeg\" \/>\n<meta name=\"author\" content=\"Alain Andreoli\" \/>\n<meta name=\"twitter:card\" content=\"summary_large_image\" \/>\n<meta name=\"twitter:label1\" content=\"Scritto da\" \/>\n\t<meta name=\"twitter:data1\" content=\"Alain Andreoli\" \/>\n\t<meta name=\"twitter:label2\" content=\"Tempo di lettura stimato\" \/>\n\t<meta name=\"twitter:data2\" content=\"4 minuti\" \/>\n<script type=\"application\/ld+json\" class=\"yoast-schema-graph\">{\"@context\":\"https:\/\/schema.org\",\"@graph\":[{\"@type\":\"Article\",\"@id\":\"https:\/\/anfina.ch\/it\/interior-design-2025-trend-2025\/#article\",\"isPartOf\":{\"@id\":\"https:\/\/anfina.ch\/it\/interior-design-2025-trend-2025\/\"},\"author\":{\"name\":\"Alain Andreoli\",\"@id\":\"https:\/\/anfina.ch\/#\/schema\/person\/82ee08ea2f55e73baba7f0ddd6229a2e\"},\"headline\":\"Interior Design 2025: Connessione con la natura, comfort e personalit\u00e0 unica\",\"datePublished\":\"2025-01-13T12:00:48+00:00\",\"dateModified\":\"2025-11-24T10:59:05+00:00\",\"mainEntityOfPage\":{\"@id\":\"https:\/\/anfina.ch\/it\/interior-design-2025-trend-2025\/\"},\"wordCount\":521,\"publisher\":{\"@id\":\"https:\/\/anfina.ch\/#organization\"},\"image\":{\"@id\":\"https:\/\/anfina.ch\/it\/interior-design-2025-trend-2025\/#primaryimage\"},\"thumbnailUrl\":\"https:\/\/anfina.ch\/wp-content\/uploads\/2025\/01\/AdobeStock_1092599848-1-scaled.jpeg\",\"articleSection\":[\"Allgemein @it\"],\"inLanguage\":\"it-IT\"},{\"@type\":\"WebPage\",\"@id\":\"https:\/\/anfina.ch\/it\/interior-design-2025-trend-2025\/\",\"url\":\"https:\/\/anfina.ch\/it\/interior-design-2025-trend-2025\/\",\"name\":\"Interior Design 2025 - anfina immo ag\",\"isPartOf\":{\"@id\":\"https:\/\/anfina.ch\/#website\"},\"primaryImageOfPage\":{\"@id\":\"https:\/\/anfina.ch\/it\/interior-design-2025-trend-2025\/#primaryimage\"},\"image\":{\"@id\":\"https:\/\/anfina.ch\/it\/interior-design-2025-trend-2025\/#primaryimage\"},\"thumbnailUrl\":\"https:\/\/anfina.ch\/wp-content\/uploads\/2025\/01\/AdobeStock_1092599848-1-scaled.jpeg\",\"datePublished\":\"2025-01-13T12:00:48+00:00\",\"dateModified\":\"2025-11-24T10:59:05+00:00\",\"description\":\"Interior design 2025: scopri le nuove tendenze, sostenibilit\u00e0, comfort e case smart per creare spazi unici, eleganti e accoglienti.\",\"breadcrumb\":{\"@id\":\"https:\/\/anfina.ch\/it\/interior-design-2025-trend-2025\/#breadcrumb\"},\"inLanguage\":\"it-IT\",\"potentialAction\":[{\"@type\":\"ReadAction\",\"target\":[\"https:\/\/anfina.ch\/it\/interior-design-2025-trend-2025\/\"]}]},{\"@type\":\"ImageObject\",\"inLanguage\":\"it-IT\",\"@id\":\"https:\/\/anfina.ch\/it\/interior-design-2025-trend-2025\/#primaryimage\",\"url\":\"https:\/\/anfina.ch\/wp-content\/uploads\/2025\/01\/AdobeStock_1092599848-1-scaled.jpeg\",\"contentUrl\":\"https:\/\/anfina.ch\/wp-content\/uploads\/2025\/01\/AdobeStock_1092599848-1-scaled.jpeg\",\"width\":2560,\"height\":1435},{\"@type\":\"BreadcrumbList\",\"@id\":\"https:\/\/anfina.ch\/it\/interior-design-2025-trend-2025\/#breadcrumb\",\"itemListElement\":[{\"@type\":\"ListItem\",\"position\":1,\"name\":\"Startseite\",\"item\":\"https:\/\/anfina.ch\/it\/\"},{\"@type\":\"ListItem\",\"position\":2,\"name\":\"Interior Design 2025: Connessione con la natura, comfort e personalit\u00e0 unica\"}]},{\"@type\":\"WebSite\",\"@id\":\"https:\/\/anfina.ch\/#website\",\"url\":\"https:\/\/anfina.ch\/\",\"name\":\"anfina immo ag\",\"description\":\"\",\"publisher\":{\"@id\":\"https:\/\/anfina.ch\/#organization\"},\"potentialAction\":[{\"@type\":\"SearchAction\",\"target\":{\"@type\":\"EntryPoint\",\"urlTemplate\":\"https:\/\/anfina.ch\/?s={search_term_string}\"},\"query-input\":{\"@type\":\"PropertyValueSpecification\",\"valueRequired\":true,\"valueName\":\"search_term_string\"}}],\"inLanguage\":\"it-IT\"},{\"@type\":\"Organization\",\"@id\":\"https:\/\/anfina.ch\/#organization\",\"name\":\"anfina immo ag\",\"url\":\"https:\/\/anfina.ch\/\",\"logo\":{\"@type\":\"ImageObject\",\"inLanguage\":\"it-IT\",\"@id\":\"https:\/\/anfina.ch\/#\/schema\/logo\/image\/\",\"url\":\"http:\/\/anfina.ch\/wp-content\/uploads\/2024\/02\/New-Logo-anfina-per-Social-.png\",\"contentUrl\":\"http:\/\/anfina.ch\/wp-content\/uploads\/2024\/02\/New-Logo-anfina-per-Social-.png\",\"width\":1125,\"height\":272,\"caption\":\"anfina immo ag\"},\"image\":{\"@id\":\"https:\/\/anfina.ch\/#\/schema\/logo\/image\/\"}},{\"@type\":\"Person\",\"@id\":\"https:\/\/anfina.ch\/#\/schema\/person\/82ee08ea2f55e73baba7f0ddd6229a2e\",\"name\":\"Alain Andreoli\"}]}<\/script>\n<!-- \/ Yoast SEO plugin. -->","yoast_head_json":{"title":"Interior Design 2025 - anfina immo ag","description":"Interior design 2025: scopri le nuove tendenze, sostenibilit\u00e0, comfort e case smart per creare spazi unici, eleganti e accoglienti.","robots":{"index":"index","follow":"follow","max-snippet":"max-snippet:-1","max-image-preview":"max-image-preview:large","max-video-preview":"max-video-preview:-1"},"canonical":"https:\/\/anfina.ch\/it\/interior-design-2025-trend-2025\/","og_locale":"it_IT","og_type":"article","og_title":"Interior Design 2025 - anfina immo ag","og_description":"Interior design 2025: scopri le nuove tendenze, sostenibilit\u00e0, comfort e case smart per creare spazi unici, eleganti e accoglienti.","og_url":"https:\/\/anfina.ch\/it\/interior-design-2025-trend-2025\/","og_site_name":"anfina immo ag","article_published_time":"2025-01-13T12:00:48+00:00","article_modified_time":"2025-11-24T10:59:05+00:00","og_image":[{"width":2560,"height":1435,"url":"http:\/\/anfina.ch\/wp-content\/uploads\/2025\/01\/AdobeStock_1092599848-1-scaled.jpeg","type":"image\/jpeg"}],"author":"Alain Andreoli","twitter_card":"summary_large_image","twitter_misc":{"Scritto da":"Alain Andreoli","Tempo di lettura stimato":"4 minuti"},"schema":{"@context":"https:\/\/schema.org","@graph":[{"@type":"Article","@id":"https:\/\/anfina.ch\/it\/interior-design-2025-trend-2025\/#article","isPartOf":{"@id":"https:\/\/anfina.ch\/it\/interior-design-2025-trend-2025\/"},"author":{"name":"Alain Andreoli","@id":"https:\/\/anfina.ch\/#\/schema\/person\/82ee08ea2f55e73baba7f0ddd6229a2e"},"headline":"Interior Design 2025: Connessione con la natura, comfort e personalit\u00e0 unica","datePublished":"2025-01-13T12:00:48+00:00","dateModified":"2025-11-24T10:59:05+00:00","mainEntityOfPage":{"@id":"https:\/\/anfina.ch\/it\/interior-design-2025-trend-2025\/"},"wordCount":521,"publisher":{"@id":"https:\/\/anfina.ch\/#organization"},"image":{"@id":"https:\/\/anfina.ch\/it\/interior-design-2025-trend-2025\/#primaryimage"},"thumbnailUrl":"https:\/\/anfina.ch\/wp-content\/uploads\/2025\/01\/AdobeStock_1092599848-1-scaled.jpeg","articleSection":["Allgemein @it"],"inLanguage":"it-IT"},{"@type":"WebPage","@id":"https:\/\/anfina.ch\/it\/interior-design-2025-trend-2025\/","url":"https:\/\/anfina.ch\/it\/interior-design-2025-trend-2025\/","name":"Interior Design 2025 - anfina immo ag","isPartOf":{"@id":"https:\/\/anfina.ch\/#website"},"primaryImageOfPage":{"@id":"https:\/\/anfina.ch\/it\/interior-design-2025-trend-2025\/#primaryimage"},"image":{"@id":"https:\/\/anfina.ch\/it\/interior-design-2025-trend-2025\/#primaryimage"},"thumbnailUrl":"https:\/\/anfina.ch\/wp-content\/uploads\/2025\/01\/AdobeStock_1092599848-1-scaled.jpeg","datePublished":"2025-01-13T12:00:48+00:00","dateModified":"2025-11-24T10:59:05+00:00","description":"Interior design 2025: scopri le nuove tendenze, sostenibilit\u00e0, comfort e case smart per creare spazi unici, eleganti e accoglienti.","breadcrumb":{"@id":"https:\/\/anfina.ch\/it\/interior-design-2025-trend-2025\/#breadcrumb"},"inLanguage":"it-IT","potentialAction":[{"@type":"ReadAction","target":["https:\/\/anfina.ch\/it\/interior-design-2025-trend-2025\/"]}]},{"@type":"ImageObject","inLanguage":"it-IT","@id":"https:\/\/anfina.ch\/it\/interior-design-2025-trend-2025\/#primaryimage","url":"https:\/\/anfina.ch\/wp-content\/uploads\/2025\/01\/AdobeStock_1092599848-1-scaled.jpeg","contentUrl":"https:\/\/anfina.ch\/wp-content\/uploads\/2025\/01\/AdobeStock_1092599848-1-scaled.jpeg","width":2560,"height":1435},{"@type":"BreadcrumbList","@id":"https:\/\/anfina.ch\/it\/interior-design-2025-trend-2025\/#breadcrumb","itemListElement":[{"@type":"ListItem","position":1,"name":"Startseite","item":"https:\/\/anfina.ch\/it\/"},{"@type":"ListItem","position":2,"name":"Interior Design 2025: Connessione con la natura, comfort e personalit\u00e0 unica"}]},{"@type":"WebSite","@id":"https:\/\/anfina.ch\/#website","url":"https:\/\/anfina.ch\/","name":"anfina immo ag","description":"","publisher":{"@id":"https:\/\/anfina.ch\/#organization"},"potentialAction":[{"@type":"SearchAction","target":{"@type":"EntryPoint","urlTemplate":"https:\/\/anfina.ch\/?s={search_term_string}"},"query-input":{"@type":"PropertyValueSpecification","valueRequired":true,"valueName":"search_term_string"}}],"inLanguage":"it-IT"},{"@type":"Organization","@id":"https:\/\/anfina.ch\/#organization","name":"anfina immo ag","url":"https:\/\/anfina.ch\/","logo":{"@type":"ImageObject","inLanguage":"it-IT","@id":"https:\/\/anfina.ch\/#\/schema\/logo\/image\/","url":"http:\/\/anfina.ch\/wp-content\/uploads\/2024\/02\/New-Logo-anfina-per-Social-.png","contentUrl":"http:\/\/anfina.ch\/wp-content\/uploads\/2024\/02\/New-Logo-anfina-per-Social-.png","width":1125,"height":272,"caption":"anfina immo ag"},"image":{"@id":"https:\/\/anfina.ch\/#\/schema\/logo\/image\/"}},{"@type":"Person","@id":"https:\/\/anfina.ch\/#\/schema\/person\/82ee08ea2f55e73baba7f0ddd6229a2e","name":"Alain Andreoli"}]}},"_links":{"self":[{"href":"https:\/\/anfina.ch\/it\/wp-json\/wp\/v2\/posts\/81072","targetHints":{"allow":["GET"]}}],"collection":[{"href":"https:\/\/anfina.ch\/it\/wp-json\/wp\/v2\/posts"}],"about":[{"href":"https:\/\/anfina.ch\/it\/wp-json\/wp\/v2\/types\/post"}],"author":[{"embeddable":true,"href":"https:\/\/anfina.ch\/it\/wp-json\/wp\/v2\/users\/2"}],"replies":[{"embeddable":true,"href":"https:\/\/anfina.ch\/it\/wp-json\/wp\/v2\/comments?post=81072"}],"version-history":[{"count":0,"href":"https:\/\/anfina.ch\/it\/wp-json\/wp\/v2\/posts\/81072\/revisions"}],"wp:featuredmedia":[{"embeddable":true,"href":"https:\/\/anfina.ch\/it\/wp-json\/wp\/v2\/media\/81073"}],"wp:attachment":[{"href":"https:\/\/anfina.ch\/it\/wp-json\/wp\/v2\/media?parent=81072"}],"wp:term":[{"taxonomy":"category","embeddable":true,"href":"https:\/\/anfina.ch\/it\/wp-json\/wp\/v2\/categories?post=81072"},{"taxonomy":"post_tag","embeddable":true,"href":"https:\/\/anfina.ch\/it\/wp-json\/wp\/v2\/tags?post=81072"}],"curies":[{"name":"wp","href":"https:\/\/api.w.org\/{rel}","templated":true}]}}